{"id":531,"date":"2025-12-01T09:00:17","date_gmt":"2025-12-01T08:00:17","guid":{"rendered":"https:\/\/www.lexquise-frite.fr\/?p=531"},"modified":"2025-11-17T14:25:21","modified_gmt":"2025-11-17T13:25:21","slug":"la-frite-week-evenements-et-promotions-autour-des-frites","status":"publish","type":"post","link":"https:\/\/www.lexquise-frite.fr\/index.php\/2025\/12\/01\/la-frite-week-evenements-et-promotions-autour-des-frites\/","title":{"rendered":"La \u00ab\u00a0Frite Week\u00a0\u00bb : \u00e9v\u00e9nements et promotions autour des frites"},"content":{"rendered":"<p>[et_pb_section fb_built=\u00a0\u00bb1&Prime; _builder_version=\u00a0\u00bb4.27.4&Prime; _module_preset=\u00a0\u00bbdefault\u00a0\u00bb custom_margin=\u00a0\u00bb-58px|||||\u00a0\u00bb custom_padding=\u00a0\u00bb0px|||||\u00a0\u00bb global_colors_info=\u00a0\u00bb{}\u00a0\u00bb theme_builder_area=\u00a0\u00bbpost_content\u00a0\u00bb][et_pb_row _builder_version=\u00a0\u00bb4.27.4&Prime; _module_preset=\u00a0\u00bbdefault\u00a0\u00bb custom_padding=\u00a0\u00bb0px|||||\u00a0\u00bb global_colors_info=\u00a0\u00bb{}\u00a0\u00bb theme_builder_area=\u00a0\u00bbpost_content\u00a0\u00bb][et_pb_column type=\u00a0\u00bb4_4&Prime; _builder_version=\u00a0\u00bb4.27.4&Prime; _module_preset=\u00a0\u00bbdefault\u00a0\u00bb global_colors_info=\u00a0\u00bb{}\u00a0\u00bb theme_builder_area=\u00a0\u00bbpost_content\u00a0\u00bb][et_pb_text _builder_version=\u00a0\u00bb4.27.4&Prime; _module_preset=\u00a0\u00bbdefault\u00a0\u00bb custom_padding=\u00a0\u00bb35px|||||\u00a0\u00bb global_colors_info=\u00a0\u00bb{}\u00a0\u00bb theme_builder_area=\u00a0\u00bbpost_content\u00a0\u00bb]<\/p>\n<p style=\"text-align: justify;\">\n<h2 style=\"text-align: center;\"><span style=\"font-size: xx-large;\"><strong><\/strong><\/span><\/h2>\n<h2 style=\"text-align: center;\"><span style=\"font-size: xx-large;\"><strong><\/strong><\/span><\/h2>\n<h2 style=\"text-align: center;\"><span style=\"font-size: xx-large;\"><strong><\/strong><\/span><\/h2>\n<h2 style=\"text-align: center;\"><span style=\"font-size: xx-large;\"><strong><\/strong><\/span><\/h2>\n<h2 style=\"text-align: center;\"><span style=\"font-size: xx-large;\"><strong><\/strong><\/span><\/h2>\n<h2 style=\"text-align: center;\"><span style=\"font-size: xx-large;\"><strong>La \u00ab\u00a0frite week\u00a0\u00bb : \u00e9v\u00e9nements et promotions autour des frites<\/strong><\/span><\/h2>\n<p><strong><\/strong><\/p>\n<p style=\"text-align: justify;\">\n<p><span style=\"font-size: large;\"><strong>Qu\u2019est-ce que la Frite Week ?<\/strong><\/span><\/p>\n<p>La Frite Week est une op\u00e9ration \u00e9v\u00e9nementielle d\u00e9di\u00e9e \u00e0 c\u00e9l\u00e9brer la frite, ce snack universel et incontournable de la gastronomie populaire. G\u00e9n\u00e9ralement organis\u00e9e pendant une semaine, elle vise \u00e0 mettre en lumi\u00e8re ce produit simple mais tellement appr\u00e9ci\u00e9, en offrant aux consommateurs des exp\u00e9riences in\u00e9dites, des d\u00e9couvertes culinaires et des promotions attractives.<\/p>\n<p>Cette initiative, qui conna\u00eet un succ\u00e8s grandissant dans plusieurs pays, s\u2019inscrit dans la tendance actuelle de valorisation des produits locaux et des plats de terroir, tout en s\u2019adaptant aux codes modernes de la communication et de la consommation.<\/p>\n<p>La Frite Week n\u2019a pas de date universelle fixe car elle peut varier selon les pays, les organisateurs ou les enseignes qui la mettent en place. Cependant, elle est souvent organis\u00e9e \u00e0 la rentr\u00e9e de l\u2019automne, entre septembre et octobre, p\u00e9riode id\u00e9ale pour relancer l\u2019app\u00e9tit apr\u00e8s l\u2019\u00e9t\u00e9 et avant les f\u00eates de fin d\u2019ann\u00e9e.<\/p>\n<p>Certaines villes ou cha\u00eenes de restauration fixent aussi leur propre \u201cFrite Week\u201d \u00e0 des moments strat\u00e9giques de l\u2019ann\u00e9e pour dynamiser leurs ventes.<\/p>\n<p>&nbsp;<\/p>\n<p><span style=\"font-size: large;\"><strong>Les objectifs de la Frite Week<\/strong><\/span><\/p>\n<ul>\n<li>Promouvoir la consommation de frites en valorisant leur diversit\u00e9 et leur qualit\u00e9.<\/li>\n<li>Soutenir les restaurateurs et commer\u00e7ants en dynamisant leurs ventes par des offres sp\u00e9ciales.<\/li>\n<li>Renforcer la notori\u00e9t\u00e9 des marques de frites, comme Elma, reconnues pour leur qualit\u00e9 sup\u00e9rieure.<\/li>\n<li>Cr\u00e9er un rendez-vous convivial et festif autour d\u2019un produit aim\u00e9 de tous, g\u00e9n\u00e9rateur de lien social.<\/li>\n<\/ul>\n<p><span style=\"font-size: large;\"><strong><\/strong><\/span><\/p>\n<p><span style=\"font-size: large;\"><strong>Des \u00e9v\u00e9nements festifs et vari\u00e9s<\/strong><\/span><\/p>\n<p>La Frite Week ne se limite pas \u00e0 des r\u00e9ductions commerciales. Elle propose aussi une s\u00e9rie d\u2019\u00e9v\u00e9nements et d\u2019animations, souvent en collaboration avec des restaurants, food trucks, et m\u00eame des supermarch\u00e9s :<\/p>\n<ul>\n<li>D\u00e9gustations gratuites ou \u00e0 prix r\u00e9duit pour faire d\u00e9couvrir des vari\u00e9t\u00e9s originales ou des recettes innovantes.<\/li>\n<li>Concours culinaires o\u00f9 chefs et amateurs rivalisent d\u2019ing\u00e9niosit\u00e9 pour revisiter la frite sous toutes ses formes (frites au parmesan, poutines, frites au curry, etc.).<\/li>\n<li>Ateliers de cuisine pour apprendre \u00e0 pr\u00e9parer des frites parfaites, accompagn\u00e9es de sauces maison.<\/li>\n<li>Animations dans les points de vente, avec musique, stands th\u00e9matiques et cadeaux.<\/li>\n<\/ul>\n<p>&nbsp;<\/p>\n<p><span style=\"font-size: large;\"><strong>Promotions et offres sp\u00e9ciales<\/strong><\/span><\/p>\n<p>Durant la Frite Week, les consommateurs b\u00e9n\u00e9ficient souvent de :<\/p>\n<ul>\n<li>R\u00e9ductions sur les frites \u00e0 emporter ou sur les menus incluant des frites.<\/li>\n<li>Offres \u201c2 pour 1\u201d ou portions suppl\u00e9mentaires offertes.<\/li>\n<li>Pack d\u00e9gustation associant plusieurs types de frites et sauces diff\u00e9rentes.<\/li>\n<li>Partenariats avec les plateformes de livraison, proposant des codes promos d\u00e9di\u00e9s \u00e0 la frite.<\/li>\n<\/ul>\n<p>&nbsp;<\/p>\n<p><span style=\"font-size: large;\"><strong>L\u2019impact sur la consommation et la notori\u00e9t\u00e9<\/strong><\/span><\/p>\n<p>La Frite Week a un effet positif sur :<\/p>\n<ul>\n<li>L\u2019augmentation des ventes de frites, notamment pour les marques premium qui souhaitent se diff\u00e9rencier.<\/li>\n<li>La fid\u00e9lisation des consommateurs gr\u00e2ce \u00e0 des exp\u00e9riences gustatives nouvelles et conviviales.<\/li>\n<li>La communication autour du produit, avec une forte visibilit\u00e9 sur les r\u00e9seaux sociaux gr\u00e2ce aux campagnes digitales, hashtags d\u00e9di\u00e9s (#FriteWeek, #LoveFrites) et influenceurs culinaires.<\/li>\n<\/ul>\n<p>&nbsp;<\/p>\n<p><span style=\"font-size: large;\"><strong>La place des frites l\u2019Exquise dans la Frite Week<\/strong><\/span><\/p>\n<p>Gr\u00e2ce \u00e0 leur qualit\u00e9 constante, leur texture croustillante et leur go\u00fbt authentique, les frites l\u2019Exquise sont souvent mises \u00e0 l\u2019honneur lors de la Frite Week. Elles constituent la base id\u00e9ale pour les recettes propos\u00e9es et permettent aux professionnels de la restauration de garantir une exp\u00e9rience client optimale.<\/p>\n<p>&nbsp;<\/p>\n<p>En conclusion, la Frite Week est bien plus qu\u2019une simple op\u00e9ration commerciale : c\u2019est une v\u00e9ritable c\u00e9l\u00e9bration culturelle et gastronomique qui met en lumi\u00e8re la frite dans toute sa diversit\u00e9. \u00c0 travers des \u00e9v\u00e9nements festifs et des promotions attractives, elle f\u00e9d\u00e8re consommateurs, restaurateurs et marques autour d\u2019un produit simple mais universellement appr\u00e9ci\u00e9, renfor\u00e7ant son r\u00f4le de star incontest\u00e9e de la street food et des repas conviviaux.<\/p>\n<p>&nbsp;<\/p>\n<p>[\/et_pb_text][\/et_pb_column][\/et_pb_row][\/et_pb_section][et_pb_section fb_built=\u00a0\u00bb1&Prime; admin_label=\u00a0\u00bbFooter\u00a0\u00bb _builder_version=\u00a0\u00bb4.24.2&Prime; _module_preset=\u00a0\u00bbdefault\u00a0\u00bb background_color=\u00a0\u00bbgcid-0a70bcaa-1736-40e0-9723-4fb88b8b6694&Prime; custom_margin=\u00a0\u00bb-30px|||||\u00a0\u00bb custom_padding=\u00a0\u00bb8px|||||\u00a0\u00bb saved_tabs=\u00a0\u00bball\u00a0\u00bb collapsed=\u00a0\u00bbon\u00a0\u00bb global_colors_info=\u00a0\u00bb{%22gcid-0a70bcaa-1736-40e0-9723-4fb88b8b6694%22:%91%22background_color%22%93}\u00a0\u00bb theme_builder_area=\u00a0\u00bbpost_content\u00a0\u00bb][et_pb_row column_structure=\u00a0\u00bb1_2,1_2&Prime; _builder_version=\u00a0\u00bb4.25.0&Prime; _module_preset=\u00a0\u00bbdefault\u00a0\u00bb global_colors_info=\u00a0\u00bb{}\u00a0\u00bb theme_builder_area=\u00a0\u00bbpost_content\u00a0\u00bb][et_pb_column type=\u00a0\u00bb1_2&Prime; _builder_version=\u00a0\u00bb4.25.0&Prime; _module_preset=\u00a0\u00bbdefault\u00a0\u00bb global_colors_info=\u00a0\u00bb{}\u00a0\u00bb theme_builder_area=\u00a0\u00bbpost_content\u00a0\u00bb][et_pb_image src=\u00a0\u00bbhttps:\/\/www.lexquise-frite.fr\/wp-content\/uploads\/2024\/09\/cropped-Logo-Lexquise-Copie.png\u00a0\u00bb title_text=\u00a0\u00bbcropped-Logo-Lexquise &#8211; Copie\u00a0\u00bb _builder_version=\u00a0\u00bb4.25.0&Prime; _module_preset=\u00a0\u00bbdefault\u00a0\u00bb custom_padding=\u00a0\u00bb|||288px||\u00a0\u00bb global_colors_info=\u00a0\u00bb{}\u00a0\u00bb theme_builder_area=\u00a0\u00bbpost_content\u00a0\u00bb][\/et_pb_image][\/et_pb_column][et_pb_column type=\u00a0\u00bb1_2&Prime; _builder_version=\u00a0\u00bb4.23.2&Prime; _module_preset=\u00a0\u00bbdefault\u00a0\u00bb global_colors_info=\u00a0\u00bb{}\u00a0\u00bb theme_builder_area=\u00a0\u00bbpost_content\u00a0\u00bb][et_pb_text _builder_version=\u00a0\u00bb4.24.2&Prime; _module_preset=\u00a0\u00bb6919bb40-1b3a-481f-bf53-236833f77413&Prime; header_5_text_color=\u00a0\u00bb#FFFFFF\u00a0\u00bb custom_margin=\u00a0\u00bb||0px||false|false\u00a0\u00bb global_colors_info=\u00a0\u00bb{}\u00a0\u00bb theme_builder_area=\u00a0\u00bbpost_content\u00a0\u00bb]<\/p>\n<h5>Adresse<\/h5>\n<p>[\/et_pb_text][et_pb_text _builder_version=\u00a0\u00bb4.25.0&Prime; _module_preset=\u00a0\u00bbaf8fac28-d067-4c61-9c77-6f56e3fc457b\u00a0\u00bb text_text_color=\u00a0\u00bb#FFFFFF\u00a0\u00bb link_text_color=\u00a0\u00bb#FFFFFF\u00a0\u00bb custom_margin=\u00a0\u00bb||10px||false|false\u00a0\u00bb global_colors_info=\u00a0\u00bb{}\u00a0\u00bb theme_builder_area=\u00a0\u00bbpost_content\u00a0\u00bb]<\/p>\n<p><span>Food Center Group<\/span><\/p>\n<p><span>ZA Cl\u00e9sud \u2013 4, rue Comte de la P\u00e9rouse 13140 Miramas<\/span><\/p>\n<p>[\/et_pb_text][\/et_pb_column][\/et_pb_row][et_pb_row _builder_version=\u00a0\u00bb4.25.0&Prime; _module_preset=\u00a0\u00bbdefault\u00a0\u00bb custom_margin=\u00a0\u00bb||||false|false\u00a0\u00bb custom_padding=\u00a0\u00bb20px||||false|false\u00a0\u00bb border_color_all=\u00a0\u00bbrgba(255,255,255,0.24)\u00a0\u00bb border_width_top=\u00a0\u00bb1px\u00a0\u00bb global_colors_info=\u00a0\u00bb{}\u00a0\u00bb theme_builder_area=\u00a0\u00bbpost_content\u00a0\u00bb][et_pb_column type=\u00a0\u00bb4_4&Prime; _builder_version=\u00a0\u00bb4.23.2&Prime; _module_preset=\u00a0\u00bbdefault\u00a0\u00bb global_colors_info=\u00a0\u00bb{}\u00a0\u00bb theme_builder_area=\u00a0\u00bbpost_content\u00a0\u00bb][et_pb_text _builder_version=\u00a0\u00bb4.25.0&Prime; _dynamic_attributes=\u00a0\u00bbcontent\u00a0\u00bb _module_preset=\u00a0\u00bbaf8fac28-d067-4c61-9c77-6f56e3fc457b\u00a0\u00bb text_text_color=\u00a0\u00bb#FFFFFF\u00a0\u00bb text_orientation=\u00a0\u00bbcenter\u00a0\u00bb global_colors_info=\u00a0\u00bb{}\u00a0\u00bb theme_builder_area=\u00a0\u00bbpost_content\u00a0\u00bb]@ET-DC@eyJkeW5hbWljIjp0cnVlLCJjb250ZW50IjoiY3VycmVudF9kYXRlIiwic2V0dGluZ3MiOnsiYmVmb3JlIjoiQ29weXJpZ2h0ICZjb3B5OyAiLCJhZnRlciI6IiBEaXZpLiBBbGwgUmlnaHRzIFJlc2VydmVkLiIsImRhdGVfZm9ybWF0IjoiY3VzdG9tIiwiY3VzdG9tX2RhdGVfZm9ybWF0IjoiWSJ9fQ==@[\/et_pb_text][\/et_pb_column][\/et_pb_row][\/et_pb_section]<\/p>\n","protected":false},"excerpt":{"rendered":"<p>La Frite Week est une op\u00e9ration \u00e9v\u00e9nementielle d\u00e9di\u00e9e \u00e0 c\u00e9l\u00e9brer la frite, ce snack universel et incontournable de la gastronomie populaire<\/p>\n","protected":false},"author":3,"featured_media":532,"comment_status":"closed","ping_status":"closed","sticky":false,"template":"","format":"standard","meta":{"_et_pb_use_builder":"on","_et_pb_old_content":"","_et_gb_content_width":"1080","footnotes":""},"categories":[16],"tags":[],"class_list":["post-531","post","type-post","status-publish","format-standard","has-post-thumbnail","hentry","category-actualites"],"_links":{"self":[{"href":"https:\/\/www.lexquise-frite.fr\/index.php\/wp-json\/wp\/v2\/posts\/531","targetHints":{"allow":["GET"]}}],"collection":[{"href":"https:\/\/www.lexquise-frite.fr\/index.php\/wp-json\/wp\/v2\/posts"}],"about":[{"href":"https:\/\/www.lexquise-frite.fr\/index.php\/wp-json\/wp\/v2\/types\/post"}],"author":[{"embeddable":true,"href":"https:\/\/www.lexquise-frite.fr\/index.php\/wp-json\/wp\/v2\/users\/3"}],"replies":[{"embeddable":true,"href":"https:\/\/www.lexquise-frite.fr\/index.php\/wp-json\/wp\/v2\/comments?post=531"}],"version-history":[{"count":3,"href":"https:\/\/www.lexquise-frite.fr\/index.php\/wp-json\/wp\/v2\/posts\/531\/revisions"}],"predecessor-version":[{"id":537,"href":"https:\/\/www.lexquise-frite.fr\/index.php\/wp-json\/wp\/v2\/posts\/531\/revisions\/537"}],"wp:featuredmedia":[{"embeddable":true,"href":"https:\/\/www.lexquise-frite.fr\/index.php\/wp-json\/wp\/v2\/media\/532"}],"wp:attachment":[{"href":"https:\/\/www.lexquise-frite.fr\/index.php\/wp-json\/wp\/v2\/media?parent=531"}],"wp:term":[{"taxonomy":"category","embeddable":true,"href":"https:\/\/www.lexquise-frite.fr\/index.php\/wp-json\/wp\/v2\/categories?post=531"},{"taxonomy":"post_tag","embeddable":true,"href":"https:\/\/www.lexquise-frite.fr\/index.php\/wp-json\/wp\/v2\/tags?post=531"}],"curies":[{"name":"wp","href":"https:\/\/api.w.org\/{rel}","templated":true}]}}